{"id":7310,"date":"2024-02-26T14:55:37","date_gmt":"2024-02-26T11:55:37","guid":{"rendered":"https:\/\/pelingenc.com\/?p=7310"},"modified":"2024-02-28T13:00:11","modified_gmt":"2024-02-28T10:00:11","slug":"new-exhibition-opening","status":"publish","type":"post","link":"https:\/\/pelingenc.com\/en\/new-exhibition-opening\/","title":{"rendered":"New Exhibition Opening!"},"content":{"rendered":"<h3>Hayalimdeki \u0130stanbul &#8211; Istanbul in My Dreams photography exhibition opens on February 28, 2024.<\/h3>\n<p>This exhibition emerged as a result of a 1-year project work. The exhibition aims at presenting you with a series that carries traces of the past and our envision of a nostalgic Istanbul. Our photographs and edits are inspired by old photographs and postcards.<\/p>\n<p>We took our photographs in locations and districts of Istanbul that still hold vibes from the past. At the same time, we posed as models adapting our costumes to maintain a cohesive series. The shooting locations include Beylerbeyi Palace, K\u00fc\u00e7\u00fcksu Pavilion, Dolmabah\u00e7e Palace, Rahmi Ko\u00e7 Museum, Y\u0131ld\u0131z Park, Anadolu Kava\u011f\u0131, Burgazada, Anadolu Hisar\u0131, B\u00fcy\u00fckada Pier, Moda Pier, Heybeliada, Arnavutk\u00f6y, Ortak\u00f6y, Pa\u015fabah\u00e7e, \u00c7engelk\u00f6y, Beykoz,&nbsp;Yenik\u00f6y.<\/p>\n<p>I have also added a <strong>Nostalgic Istanbul<\/strong> album to the <strong>Gallery<\/strong> section. It consists of a selection of my photos within the scope of this project, including my photos displayed at the exhibition.<\/p>\n<h4>Opening: 28 February 2024, 18:00<\/h4>\n<h4>Dates:&nbsp; &nbsp; &nbsp;28 February \u2013 13 March 2024<\/h4>\n<h4>Address: La Visione Art Gallery&nbsp;&nbsp;&nbsp;&nbsp;&nbsp;&nbsp;&nbsp;&nbsp;&nbsp;&nbsp;&nbsp;&nbsp;<\/h4>\n<h4>58\/1 S\u00fcleyman Seba Cad. Akaretler Be\u015fikta\u015f \u0130stanbul<\/h4>\n<p><a href=\"https:\/\/pelingenc.com\/wp-content\/uploads\/2024\/02\/PHOTO-2024-02-13-12-07-06-1.jpg\"><img loading=\"lazy\" decoding=\"async\" class=\"alignleft wp-image-7296 size-full\" src=\"https:\/\/pelingenc.com\/wp-content\/uploads\/2024\/02\/PHOTO-2024-02-13-12-07-06-1.jpg\" alt=\"\" width=\"1280\" height=\"1600\" srcset=\"https:\/\/pelingenc.com\/wp-content\/uploads\/2024\/02\/PHOTO-2024-02-13-12-07-06-1.jpg 1280w, https:\/\/pelingenc.com\/wp-content\/uploads\/2024\/02\/PHOTO-2024-02-13-12-07-06-1-240x300.jpg 240w, https:\/\/pelingenc.com\/wp-content\/uploads\/2024\/02\/PHOTO-2024-02-13-12-07-06-1-819x1024.jpg 819w, https:\/\/pelingenc.com\/wp-content\/uploads\/2024\/02\/PHOTO-2024-02-13-12-07-06-1-768x960.jpg 768w, https:\/\/pelingenc.com\/wp-content\/uploads\/2024\/02\/PHOTO-2024-02-13-12-07-06-1-1229x1536.jpg 1229w, https:\/\/pelingenc.com\/wp-content\/uploads\/2024\/02\/PHOTO-2024-02-13-12-07-06-1-1080x1350.jpg 1080w\" sizes=\"(max-width: 1280px) 100vw, 1280px\" \/><\/a><\/p>\n<p>&nbsp;<\/p>\n<p>&nbsp;<\/p>\n","protected":false},"excerpt":{"rendered":"<p>Hayalimdeki \u0130stanbul &#8211; Istanbul in My Dreams photography exhibition opens on February 28, 2024. This exhibition emerged as a result of a 1-year project work. The exhibition aims at presenting you with a series that carries traces of the past and our envision of a nostalgic Istanbul. Our photographs and edits are inspired by old [&hellip;]<\/p>\n","protected":false},"author":3,"featured_media":7308,"comment_status":"open","ping_status":"open","sticky":false,"template":"","format":"standard","meta":{"_et_pb_use_builder":"","_et_pb_old_content":"","_et_gb_content_width":"","_genesis_hide_title":false,"_genesis_hide_breadcrumbs":false,"_genesis_hide_singular_image":false,"_genesis_hide_footer_widgets":false,"_genesis_custom_body_class":"","_genesis_custom_post_class":"","_genesis_layout":"","ngg_post_thumbnail":0,"footnotes":""},"categories":[421],"tags":[507,508,506],"class_list":{"0":"post-7310","1":"post","2":"type-post","3":"status-publish","4":"format-standard","5":"has-post-thumbnail","7":"category-uncategorized","8":"tag-pelingenc-en","9":"tag-photography-en","10":"tag-sergi-exhibition","11":"entry"},"_links":{"self":[{"href":"https:\/\/pelingenc.com\/en\/wp-json\/wp\/v2\/posts\/7310","targetHints":{"allow":["GET"]}}],"collection":[{"href":"https:\/\/pelingenc.com\/en\/wp-json\/wp\/v2\/posts"}],"about":[{"href":"https:\/\/pelingenc.com\/en\/wp-json\/wp\/v2\/types\/post"}],"author":[{"embeddable":true,"href":"https:\/\/pelingenc.com\/en\/wp-json\/wp\/v2\/users\/3"}],"replies":[{"embeddable":true,"href":"https:\/\/pelingenc.com\/en\/wp-json\/wp\/v2\/comments?post=7310"}],"version-history":[{"count":0,"href":"https:\/\/pelingenc.com\/en\/wp-json\/wp\/v2\/posts\/7310\/revisions"}],"wp:featuredmedia":[{"embeddable":true,"href":"https:\/\/pelingenc.com\/en\/wp-json\/wp\/v2\/media\/7308"}],"wp:attachment":[{"href":"https:\/\/pelingenc.com\/en\/wp-json\/wp\/v2\/media?parent=7310"}],"wp:term":[{"taxonomy":"category","embeddable":true,"href":"https:\/\/pelingenc.com\/en\/wp-json\/wp\/v2\/categories?post=7310"},{"taxonomy":"post_tag","embeddable":true,"href":"https:\/\/pelingenc.com\/en\/wp-json\/wp\/v2\/tags?post=7310"}],"curies":[{"name":"wp","href":"https:\/\/api.w.org\/{rel}","templated":true}]}}